{"id":7229,"date":"2024-11-20T23:02:30","date_gmt":"2024-11-20T22:02:30","guid":{"rendered":"https:\/\/utla.univ-pau.fr\/site\/?p=7229"},"modified":"2025-09-22T19:12:53","modified_gmt":"2025-09-22T17:12:53","slug":"la-saison-du-conservatoire-a-rayonnement-regional-de-pau-bearn-pyrenees","status":"publish","type":"post","link":"https:\/\/utla.univ-pau.fr\/site\/?p=7229","title":{"rendered":"La saison du Conservatoire \u00e0 Rayonnement R\u00e9gional de Pau-B\u00e9arn-Pyr\u00e9n\u00e9es"},"content":{"rendered":"<p>Ci joint le lien pour acc\u00e9der \u00e0 La Saison du Conservatoire \u00e0 Rayonnement R\u00e9gional de Pau-B\u00e9arn-Pyr\u00e9n\u00e9es<\/p>\n<p>&nbsp;<\/p>\n<p><a href=\"https:\/\/www.tourismepau.com\/offres\/la-saison-du-conservatoire-septembre-2024-a-fevrier-2025-pau-fr-5150892\/\">https:\/\/www.tourismepau.com\/offres\/la-saison-du-conservatoire-septembre-2024-a-fevrier-2025-pau-fr-5150892\/<\/a><\/p>\n<p>&nbsp;<\/p>\n<p>&nbsp;<\/p>\n","protected":false},"excerpt":{"rendered":"<p>Ci joint le lien pour acc\u00e9der \u00e0 La Saison du Conservatoire \u00e0 Rayonnement R\u00e9gional de Pau-B\u00e9arn-Pyr\u00e9n\u00e9es &nbsp; https:\/\/www.tourismepau.com\/offres\/la-saison-du-conservatoire-septembre-2024-a-fevrier-2025-pau-fr-5150892\/ &nbsp; &nbsp;<\/p>\n","protected":false},"author":7,"featured_media":7232,"comment_status":"closed","ping_status":"closed","sticky":false,"template":"","format":"standard","meta":[],"categories":[62],"tags":[],"acf":[],"_links":{"self":[{"href":"https:\/\/utla.univ-pau.fr\/site\/index.php?rest_route=\/wp\/v2\/posts\/7229"}],"collection":[{"href":"https:\/\/utla.univ-pau.fr\/site\/index.php?rest_route=\/wp\/v2\/posts"}],"about":[{"href":"https:\/\/utla.univ-pau.fr\/site\/index.php?rest_route=\/wp\/v2\/types\/post"}],"author":[{"embeddable":true,"href":"https:\/\/utla.univ-pau.fr\/site\/index.php?rest_route=\/wp\/v2\/users\/7"}],"replies":[{"embeddable":true,"href":"https:\/\/utla.univ-pau.fr\/site\/index.php?rest_route=%2Fwp%2Fv2%2Fcomments&post=7229"}],"version-history":[{"count":2,"href":"https:\/\/utla.univ-pau.fr\/site\/index.php?rest_route=\/wp\/v2\/posts\/7229\/revisions"}],"predecessor-version":[{"id":7233,"href":"https:\/\/utla.univ-pau.fr\/site\/index.php?rest_route=\/wp\/v2\/posts\/7229\/revisions\/7233"}],"wp:featuredmedia":[{"embeddable":true,"href":"https:\/\/utla.univ-pau.fr\/site\/index.php?rest_route=\/wp\/v2\/media\/7232"}],"wp:attachment":[{"href":"https:\/\/utla.univ-pau.fr\/site\/index.php?rest_route=%2Fwp%2Fv2%2Fmedia&parent=7229"}],"wp:term":[{"taxonomy":"category","embeddable":true,"href":"https:\/\/utla.univ-pau.fr\/site\/index.php?rest_route=%2Fwp%2Fv2%2Fcategories&post=7229"},{"taxonomy":"post_tag","embeddable":true,"href":"https:\/\/utla.univ-pau.fr\/site\/index.php?rest_route=%2Fwp%2Fv2%2Ftags&post=7229"}],"curies":[{"name":"wp","href":"https:\/\/api.w.org\/{rel}","templated":true}]}}