{"id":7410,"date":"2025-02-21T17:30:43","date_gmt":"2025-02-21T16:30:43","guid":{"rendered":"https:\/\/utla.univ-pau.fr\/site\/?p=7410"},"modified":"2025-07-24T11:25:26","modified_gmt":"2025-07-24T09:25:26","slug":"ukraine-lan-4","status":"publish","type":"post","link":"https:\/\/utla.univ-pau.fr\/site\/?p=7410","title":{"rendered":"George Sand, une vie intellectuelle et politique"},"content":{"rendered":"<p style=\"text-align: justify;\">Les recherches r\u00e9cemment men\u00e9es en vue de l&rsquo;\u00e9criture d&rsquo;une biographie \u00e0 propos George Sand, parue en octobre aux \u00e9ditions Ellipses ont permis \u00e0 l&rsquo;auteure de<span class=\"s1\"> revenir sur la vie politique et intellectuelle d\u2019Amantine Aurore Lucile Dupin de Francueil, devenue George Sand en 1830, \u00e0 la faveur des Trois Glorieuses. <\/span><\/p>\n<p style=\"text-align: justify;\"><span class=\"s1\">Tout d\u2019abord journaliste portant la redingote masculine, elle publie, deux ans plus tard, <i>Indiana<\/i>.<\/span><\/p>\n<p style=\"text-align: justify;\"><span class=\"s1\"> C&rsquo;est le d\u00e9but d\u2019une s\u00e9rie de soixante-dix romans, auxquels s\u2019ajoute une cinquantaine de nouvelles, <\/span><span class=\"s1\">pi\u00e8ces de th\u00e9\u00e2tre et textes politiques. <\/span><\/p>\n<p style=\"text-align: justify;\"><span class=\"s1\">Si sa vie intime faite de liaisons passionn\u00e9es et d\u2019amours orageuses en fait un soutien<\/span><span class=\"s1\"> de la cause f\u00e9minine, <\/span>elle engag\u00e9e dans la lutte contre les in\u00e9galit\u00e9s en 1848, elle donnera toujours \u00e0 ses \u00e9crits une forte dimension sociale.<\/p>\n<p style=\"text-align: justify;\">\n","protected":false},"excerpt":{"rendered":"<p>Les recherches r\u00e9cemment men\u00e9es en vue de l&rsquo;\u00e9criture d&rsquo;une biographie \u00e0 propos George Sand, parue en octobre aux \u00e9ditions Ellipses ont permis \u00e0 l&rsquo;auteure de revenir sur la vie politique et intellectuelle d\u2019Amantine Aurore Lucile Dupin de Francueil, devenue George Sand en 1830, \u00e0 la faveur des Trois Glorieuses. Tout&#8230; <a href=\"https:\/\/utla.univ-pau.fr\/site\/?p=7410\" class=\"readmore\">lire la suite\u2026<span class=\"screen-reader-text\">George Sand, une vie intellectuelle et politique<\/span><span class=\"fa fa-angle-double-right\" aria-hidden=\"true\"><\/span><\/a><\/p>\n","protected":false},"author":7,"featured_media":7425,"comment_status":"closed","ping_status":"closed","sticky":false,"template":"","format":"standard","meta":[],"categories":[58,62],"tags":[],"acf":[],"_links":{"self":[{"href":"https:\/\/utla.univ-pau.fr\/site\/index.php?rest_route=\/wp\/v2\/posts\/7410"}],"collection":[{"href":"https:\/\/utla.univ-pau.fr\/site\/index.php?rest_route=\/wp\/v2\/posts"}],"about":[{"href":"https:\/\/utla.univ-pau.fr\/site\/index.php?rest_route=\/wp\/v2\/types\/post"}],"author":[{"embeddable":true,"href":"https:\/\/utla.univ-pau.fr\/site\/index.php?rest_route=\/wp\/v2\/users\/7"}],"replies":[{"embeddable":true,"href":"https:\/\/utla.univ-pau.fr\/site\/index.php?rest_route=%2Fwp%2Fv2%2Fcomments&post=7410"}],"version-history":[{"count":8,"href":"https:\/\/utla.univ-pau.fr\/site\/index.php?rest_route=\/wp\/v2\/posts\/7410\/revisions"}],"predecessor-version":[{"id":7426,"href":"https:\/\/utla.univ-pau.fr\/site\/index.php?rest_route=\/wp\/v2\/posts\/7410\/revisions\/7426"}],"wp:featuredmedia":[{"embeddable":true,"href":"https:\/\/utla.univ-pau.fr\/site\/index.php?rest_route=\/wp\/v2\/media\/7425"}],"wp:attachment":[{"href":"https:\/\/utla.univ-pau.fr\/site\/index.php?rest_route=%2Fwp%2Fv2%2Fmedia&parent=7410"}],"wp:term":[{"taxonomy":"category","embeddable":true,"href":"https:\/\/utla.univ-pau.fr\/site\/index.php?rest_route=%2Fwp%2Fv2%2Fcategories&post=7410"},{"taxonomy":"post_tag","embeddable":true,"href":"https:\/\/utla.univ-pau.fr\/site\/index.php?rest_route=%2Fwp%2Fv2%2Ftags&post=7410"}],"curies":[{"name":"wp","href":"https:\/\/api.w.org\/{rel}","templated":true}]}}