{"id":7846,"date":"2025-10-03T15:00:39","date_gmt":"2025-10-03T13:00:39","guid":{"rendered":"https:\/\/utla.univ-pau.fr\/site\/?p=7846"},"modified":"2025-11-03T12:32:53","modified_gmt":"2025-11-03T11:32:53","slug":"conference-inaugurale-les-80-ans-dune-collection-mythique-la-serie-noire-de-gallimard","status":"publish","type":"post","link":"https:\/\/utla.univ-pau.fr\/site\/?p=7846","title":{"rendered":"CONF\u00c9RENCE INAUGURALE  Les 80 ans d&rsquo;une collection mythique : la \u00ab\u00a0S\u00e9rie Noire\u00a0\u00bb de Gallimard\u00a0\u00bb"},"content":{"rendered":"<p>Une conf\u00e9rence inaugurale de litt\u00e9rature pour l&rsquo;UTLA- Pau en partenariat avec la maison d&rsquo;\u00e9dition Gallimard, le festival Un Aller-Retour dans le Noir et l&rsquo;UPPA.<\/p>\n<p>Nous recevrons Caryl F\u00e9rey qui publie cette saison <em>Grindadr\u00e0p<\/em>, Marin Ledun qui nous apporte <em>Henua<\/em> et un jeune \u00e9crivain Sa\u00efd Khatibi, qui \u00e9voque\u00a0<em> La fin du Sahara<\/em>.<\/p>\n<p>&nbsp;<\/p>\n<p>Pour vous plonger au c\u0153ur du festival et de toutes ses manifestations ! Par ici le programme<\/p>\n<p><a href=\"https:\/\/unallerretourdanslenoir.com\/\">https:\/\/unallerretourdanslenoir.com\/<\/a><\/p>\n<p>&nbsp;<\/p>\n<p>&nbsp;<\/p>\n","protected":false},"excerpt":{"rendered":"<p>Une conf\u00e9rence inaugurale de litt\u00e9rature pour l&rsquo;UTLA- Pau en partenariat avec la maison d&rsquo;\u00e9dition Gallimard, le festival Un Aller-Retour dans le Noir et l&rsquo;UPPA. Nous recevrons Caryl F\u00e9rey qui publie cette saison Grindadr\u00e0p, Marin Ledun qui nous apporte Henua et un jeune \u00e9crivain Sa\u00efd Khatibi, qui \u00e9voque\u00a0 La fin du&#8230; <a href=\"https:\/\/utla.univ-pau.fr\/site\/?p=7846\" class=\"readmore\">lire la suite\u2026<span class=\"screen-reader-text\">CONF\u00c9RENCE INAUGURALE  Les 80 ans d&rsquo;une collection mythique : la \u00ab\u00a0S\u00e9rie Noire\u00a0\u00bb de Gallimard\u00a0\u00bb<\/span><span class=\"fa fa-angle-double-right\" aria-hidden=\"true\"><\/span><\/a><\/p>\n","protected":false},"author":7,"featured_media":7852,"comment_status":"closed","ping_status":"closed","sticky":false,"template":"","format":"standard","meta":[],"categories":[62],"tags":[],"acf":[],"_links":{"self":[{"href":"https:\/\/utla.univ-pau.fr\/site\/index.php?rest_route=\/wp\/v2\/posts\/7846"}],"collection":[{"href":"https:\/\/utla.univ-pau.fr\/site\/index.php?rest_route=\/wp\/v2\/posts"}],"about":[{"href":"https:\/\/utla.univ-pau.fr\/site\/index.php?rest_route=\/wp\/v2\/types\/post"}],"author":[{"embeddable":true,"href":"https:\/\/utla.univ-pau.fr\/site\/index.php?rest_route=\/wp\/v2\/users\/7"}],"replies":[{"embeddable":true,"href":"https:\/\/utla.univ-pau.fr\/site\/index.php?rest_route=%2Fwp%2Fv2%2Fcomments&post=7846"}],"version-history":[{"count":2,"href":"https:\/\/utla.univ-pau.fr\/site\/index.php?rest_route=\/wp\/v2\/posts\/7846\/revisions"}],"predecessor-version":[{"id":7854,"href":"https:\/\/utla.univ-pau.fr\/site\/index.php?rest_route=\/wp\/v2\/posts\/7846\/revisions\/7854"}],"wp:featuredmedia":[{"embeddable":true,"href":"https:\/\/utla.univ-pau.fr\/site\/index.php?rest_route=\/wp\/v2\/media\/7852"}],"wp:attachment":[{"href":"https:\/\/utla.univ-pau.fr\/site\/index.php?rest_route=%2Fwp%2Fv2%2Fmedia&parent=7846"}],"wp:term":[{"taxonomy":"category","embeddable":true,"href":"https:\/\/utla.univ-pau.fr\/site\/index.php?rest_route=%2Fwp%2Fv2%2Fcategories&post=7846"},{"taxonomy":"post_tag","embeddable":true,"href":"https:\/\/utla.univ-pau.fr\/site\/index.php?rest_route=%2Fwp%2Fv2%2Ftags&post=7846"}],"curies":[{"name":"wp","href":"https:\/\/api.w.org\/{rel}","templated":true}]}}