{"id":7861,"date":"2025-10-22T17:30:04","date_gmt":"2025-10-22T15:30:04","guid":{"rendered":"https:\/\/utla.univ-pau.fr\/site\/?p=7861"},"modified":"2025-11-03T12:33:49","modified_gmt":"2025-11-03T11:33:49","slug":"la-cgt-face-au-colonialisme","status":"publish","type":"post","link":"https:\/\/utla.univ-pau.fr\/site\/?p=7861","title":{"rendered":"\u00ab\u00a0La CGT face au colonialisme\u00a0\u00bb en partenariat avec l&rsquo;Institut d&rsquo;Histoire Sociale de la CGT"},"content":{"rendered":"<p style=\"text-align: justify;\">\u00a0 \u00a0La CGT est une \u00ab vieille dame \u00bb (130 ans !), mais elle est rest\u00e9e d\u2019une \u00e9tonnante verdeur, ce n\u2019est pas l\u2019actualit\u00e9 de ces derniers temps qui pourra affirmer le contraire. Si le rapport \u00e0 l\u2019internationalisme, \u00e0 l\u2019anticolonialisme fut long \u00e0 se mettre en place (avant 1914), l\u2019esprit de lutte commen\u00e7a progressivement \u00e0 s\u2019imposer, avec des pics &#8211; lutte contre la guerre du Rif 1925, contre la guerre d\u2019Indochine 1945-1954, puis contre la guerre d\u2019Alg\u00e9rie, (1954-1962). Sur plusieurs g\u00e9n\u00e9rations, des militants se sont battus contre le colonialisme. Est-ce \u00e0 dire que la Centrale ne connut aucune h\u00e9sitation, ne commit aucun faux pas ? Qu\u2019elle sut toujours mobiliser les travailleurs fran\u00e7ais aux c\u00f4t\u00e9s de leurs compagnons de travail immigr\u00e9s ? Evidemment non. La conf\u00e9rence tentera de pr\u00e9senter un tableau \u00e9quilibr\u00e9 de ces luttes et de ces contradictions.<\/p>\n","protected":false},"excerpt":{"rendered":"<p>\u00a0 \u00a0La CGT est une \u00ab vieille dame \u00bb (130 ans !), mais elle est rest\u00e9e d\u2019une \u00e9tonnante verdeur, ce n\u2019est pas l\u2019actualit\u00e9 de ces derniers temps qui pourra affirmer le contraire. Si le rapport \u00e0 l\u2019internationalisme, \u00e0 l\u2019anticolonialisme fut long \u00e0 se mettre en place (avant 1914), l\u2019esprit de&#8230; <a href=\"https:\/\/utla.univ-pau.fr\/site\/?p=7861\" class=\"readmore\">lire la suite\u2026<span class=\"screen-reader-text\">\u00ab\u00a0La CGT face au colonialisme\u00a0\u00bb en partenariat avec l&rsquo;Institut d&rsquo;Histoire Sociale de la CGT<\/span><span class=\"fa fa-angle-double-right\" aria-hidden=\"true\"><\/span><\/a><\/p>\n","protected":false},"author":7,"featured_media":7862,"comment_status":"closed","ping_status":"closed","sticky":false,"template":"","format":"standard","meta":[],"categories":[62],"tags":[],"acf":[],"_links":{"self":[{"href":"https:\/\/utla.univ-pau.fr\/site\/index.php?rest_route=\/wp\/v2\/posts\/7861"}],"collection":[{"href":"https:\/\/utla.univ-pau.fr\/site\/index.php?rest_route=\/wp\/v2\/posts"}],"about":[{"href":"https:\/\/utla.univ-pau.fr\/site\/index.php?rest_route=\/wp\/v2\/types\/post"}],"author":[{"embeddable":true,"href":"https:\/\/utla.univ-pau.fr\/site\/index.php?rest_route=\/wp\/v2\/users\/7"}],"replies":[{"embeddable":true,"href":"https:\/\/utla.univ-pau.fr\/site\/index.php?rest_route=%2Fwp%2Fv2%2Fcomments&post=7861"}],"version-history":[{"count":4,"href":"https:\/\/utla.univ-pau.fr\/site\/index.php?rest_route=\/wp\/v2\/posts\/7861\/revisions"}],"predecessor-version":[{"id":7866,"href":"https:\/\/utla.univ-pau.fr\/site\/index.php?rest_route=\/wp\/v2\/posts\/7861\/revisions\/7866"}],"wp:featuredmedia":[{"embeddable":true,"href":"https:\/\/utla.univ-pau.fr\/site\/index.php?rest_route=\/wp\/v2\/media\/7862"}],"wp:attachment":[{"href":"https:\/\/utla.univ-pau.fr\/site\/index.php?rest_route=%2Fwp%2Fv2%2Fmedia&parent=7861"}],"wp:term":[{"taxonomy":"category","embeddable":true,"href":"https:\/\/utla.univ-pau.fr\/site\/index.php?rest_route=%2Fwp%2Fv2%2Fcategories&post=7861"},{"taxonomy":"post_tag","embeddable":true,"href":"https:\/\/utla.univ-pau.fr\/site\/index.php?rest_route=%2Fwp%2Fv2%2Ftags&post=7861"}],"curies":[{"name":"wp","href":"https:\/\/api.w.org\/{rel}","templated":true}]}}